[{"@context":"https:\/\/schema.org\/","@type":"Article","@id":"https:\/\/www.bomes.sk\/dovolenka-kde\/#Article","mainEntityOfPage":"https:\/\/www.bomes.sk\/dovolenka-kde\/","headline":"Dovolenka &#8211; kde?","name":"Dovolenka &#8211; kde?","description":"Ka\u017ed\u00fd t\u00fa\u017eime po dovolenke, kde budeme relaxova\u0165, c\u00edti\u0165 sa dobre, [&hellip;]","datePublished":"2023-11-08","dateModified":"2023-12-12","author":{"@type":"Person","@id":"https:\/\/www.bomes.sk\/author\/devene\/#Person","name":"devene","url":"https:\/\/www.bomes.sk\/author\/devene\/","identifier":1,"image":{"@type":"ImageObject","@id":"https:\/\/secure.gravatar.com\/avatar\/b653a05acc9928bc50547a0b6ed51698115bbf59840455a4bc9d337f928ec9d6?s=96&d=mm&r=g","url":"https:\/\/secure.gravatar.com\/avatar\/b653a05acc9928bc50547a0b6ed51698115bbf59840455a4bc9d337f928ec9d6?s=96&d=mm&r=g","height":96,"width":96}},"publisher":{"@type":"Organization","name":"bomes.sk","logo":{"@type":"ImageObject","@id":"\/logo.png","url":"\/logo.png","width":600,"height":60}},"image":{"@type":"ImageObject","@id":"https:\/\/www.bomes.sk\/wp-content\/uploads\/download_10_10_10_10_10_10_10_10_10_10_10_10_10_10_10_10_10_10_10_10_10_10_10_6.jpg","url":"https:\/\/www.bomes.sk\/wp-content\/uploads\/download_10_10_10_10_10_10_10_10_10_10_10_10_10_10_10_10_10_10_10_10_10_10_10_6.jpg","height":0,"width":0},"url":"https:\/\/www.bomes.sk\/dovolenka-kde\/","about":["Dovolenka"],"wordCount":383,"articleBody":"Ka\u017ed\u00fd t\u00fa\u017eime po dovolenke, kde budeme relaxova\u0165, c\u00edti\u0165 sa dobre, dopria\u0165 si v\u00fdborn\u00e9 mas\u00e1\u017ee a odpo\u010dinok. Je mi to \u00faplne jasn\u00e9. Je to sen ka\u017ed\u00e9ho \u010dloveka. Ka\u017ed\u00fd si pod pojmom &#8222;dovolenka&#8220; automaticky predstav\u00ed najsk\u00f4r dovolenku v zahrani\u010d\u00ed. Len\u017ee kr\u00e1snu dovolenku m\u00f4\u017eete pre\u017ei\u0165 aj v \u010ceskej republike. Nie nadarmo sa hovor\u00ed, \u017ee aj v \u010ceskej republike je kr\u00e1sne. A na tom asi nie\u010do bude, preto\u017ee to hovor\u00ed ve\u013ea \u013eud\u00ed. A ke\u010f je \u010dlovek unaven\u00fd, st\u00e1le pracuje a rob\u00ed v\u0161etko preto, aby sa on a jeho rodina mali dobre, zasl\u00fa\u017ei si tie\u017e poriadnu relaxa\u010dn\u00fa dovolenku. Ka\u017ed\u00fd \u010dlovek by mal odpo\u010d\u00edva\u0165 a \u017eiadny \u010dlovek by sa nemal prep\u00edna\u0165.V pr\u00edpade prep\u00ednania s\u00e1m seba sa m\u00f4\u017ee c\u00edti\u0165 ve\u013emi zle, a m\u00f4\u017ee to ma\u0165 ve\u013ek\u00fd dopad ako na jeho fyzick\u00e9, tak psychick\u00e9 zdravie. Bohu\u017eia\u013e je to tak. A aj ke\u010f je medzi nami plno workoholikov, \u010do by najrad\u0161ej pracovali sedem dn\u00ed v t\u00fd\u017edni a dvadsa\u0165\u0161tyri hod\u00edn denne a m\u00f4\u017ee sa zda\u0165, \u017ee jeho pr\u00e1ca je vlastne jeho man\u017eelka, aj tak\u00fd \u010dlovek by si mal vedie\u0165 ur\u010di\u0165 svoje hranice. To som odbo\u010dila od t\u00e9my. Teraz u\u017e ale po\u010fme k jadru veci.M\u00e1te dve mo\u017enosti, kde str\u00e1vi\u0165 dovolenku:1) v rodnej krajine2) v zahrani\u010d\u00edSk\u00faste si urobi\u0165 dovolenku po \u010ceskej republike. Napr\u00edklad na miesta, kde ste e\u0161te nikde neboli. A hne\u010f uvid\u00edte, ako budete prekvapen\u00ed, ko\u013eko kr\u00e1snych miest je v \u010ceskej republike. Ja som napr\u00edklad tak\u00fdmto cestovan\u00edm \u201eobjavila Ameriku\u201c \u2013 spoznala som miesta, ktor\u00e9 som predt\u00fdm nikdy nepoznala a c\u00edtila som sa naozaj ve\u013emi dobre. A presne na tomto z\u00e1le\u017e\u00ed.Pokia\u013e vyh\u013ead\u00e1vate dovolenky v zahrani\u010d\u00ed, mohla by som v\u00e1m odporu\u010di\u0165 napr\u00edklad Japonsko, \u010c\u00ednu, Nemecko, Slovensko, alebo Po\u013esko. Vo v\u0161etk\u00fdch t\u00fdchto krajin\u00e1ch som bola a verte mi, \u017ee to bol naozaj neskuto\u010dn\u00fd a \u00fa\u017easn\u00fd z\u00e1\u017eitok, na ktor\u00fd v \u017eivote nezabudnem. A d\u00fafam, \u017ee ani vy nezabudnete na svoju dovolenku, o ktorej ste tak ve\u013emi sn\u00edvali cel\u00fa dobu.                                                                                                                                                                                                                                                                                                                                                                                                "},{"@context":"https:\/\/schema.org\/","@type":"BreadcrumbList","itemListElement":[{"@type":"ListItem","position":1,"name":"Dovolenka &#8211; kde?","item":"https:\/\/www.bomes.sk\/dovolenka-kde\/#breadcrumbitem"}]}]