[{"@context":"https:\/\/schema.org\/","@type":"Article","@id":"https:\/\/www.bomes.sk\/kazda-zena-by-sa-mala-mat-rada\/#Article","mainEntityOfPage":"https:\/\/www.bomes.sk\/kazda-zena-by-sa-mala-mat-rada\/","headline":"Ka\u017ed\u00e1 \u017eena by sa mala ma\u0165 rada","name":"Ka\u017ed\u00e1 \u017eena by sa mala ma\u0165 rada","description":"Ka\u017ed\u00e1 \u017eena m\u00e1 svoje jedine\u010dn\u00e9 k\u00fazlo a p\u00f4vab.\u00a0 Kr\u00e1sa nie [&hellip;]","datePublished":"2024-06-07","dateModified":"2024-06-07","author":{"@type":"Person","@id":"https:\/\/www.bomes.sk\/author\/devene\/#Person","name":"devene","url":"https:\/\/www.bomes.sk\/author\/devene\/","identifier":1,"image":{"@type":"ImageObject","@id":"https:\/\/secure.gravatar.com\/avatar\/b653a05acc9928bc50547a0b6ed51698115bbf59840455a4bc9d337f928ec9d6?s=96&d=mm&r=g","url":"https:\/\/secure.gravatar.com\/avatar\/b653a05acc9928bc50547a0b6ed51698115bbf59840455a4bc9d337f928ec9d6?s=96&d=mm&r=g","height":96,"width":96}},"publisher":{"@type":"Organization","name":"bomes.sk","logo":{"@type":"ImageObject","@id":"\/logo.png","url":"\/logo.png","width":600,"height":60}},"image":{"@type":"ImageObject","@id":"https:\/\/www.bomes.sk\/wp-content\/uploads\/pexels-moose-photos-170195-1036623_1.jpg","url":"https:\/\/www.bomes.sk\/wp-content\/uploads\/pexels-moose-photos-170195-1036623_1.jpg","height":0,"width":0},"url":"https:\/\/www.bomes.sk\/kazda-zena-by-sa-mala-mat-rada\/","about":["\u017dena"],"wordCount":435,"articleBody":"Ka\u017ed\u00e1 \u017eena m\u00e1 svoje jedine\u010dn\u00e9 k\u00fazlo a p\u00f4vab.\u00a0 Kr\u00e1sa nie je len o fyzickom vzh\u013eade, ale aj o tom, ako sa \u017eena c\u00edti a ak\u00e9 hodnoty vy\u017earuje.\u00a0 Ka\u017ed\u00e1 \u017eena m\u00e1 svoj vlastn\u00fd \u0161t\u00fdl, \u00fasmev a sp\u00f4sob, ak\u00fdm sa prejavuje. \u010casto sa hovor\u00ed, \u017ee kr\u00e1sa je v o\u010diach toho, kto sa pozer\u00e1.\u00a0 To znamen\u00e1, \u017ee kr\u00e1sa nie je len jedna predstava, a pre ka\u017ed\u00e9ho znamen\u00e1 nie\u010do in\u00e9.\u00a0 Ka\u017ed\u00e1 \u017eena m\u00e1 nie\u010do, \u010do ju rob\u00ed v\u00fdnimo\u010dnou, \u010di u\u017e s\u00fa to jej o\u010di, smiech, alebo sp\u00f4sob, ak\u00fdm hovor\u00ed a jedn\u00e1 s ostatn\u00fdmi. D\u00f4le\u017eit\u00e9 je, aby si ka\u017ed\u00e1 \u017eena uvedomila svoju vlastn\u00fa hodnotu a kr\u00e1su.\u00a0 Sebad\u00f4vera a l\u00e1ska k sebe samej s\u00fa k\u013e\u00fa\u010dov\u00e9.\u00a0 Ke\u010f je \u017eena spokojn\u00e1 sama so sebou, vy\u017earuje to do jej okolia a ostatn\u00ed to vidia a c\u00edtia.\u00a0 Ja som napr\u00edklad mala jedno obdobie, kedy som sa c\u00edtila absol\u00fatne nepr\u00ed\u0165a\u017eliv\u00e1 a \u0161kared\u00e1 a nepripadala som si v\u00f4bec dobre.\u00a0 Asi to bolo tie\u017e t\u00fdm, \u017ee v tom \u010dase som nezapadala do triedneho kolekt\u00edvu a v\u0161etci sa mi smiali za to, \u017ee m\u00e1m mal\u00e9 o\u010di.\u00a0 No ale potom som pochopila, \u017ee pr\u00e1ve t\u00ed, ktor\u00ed sa mi smiali, maj\u00fa probl\u00e9m so sebal\u00e1skou a tak sa to sna\u017eia kompenzova\u0165 na niekom inom.\u00a0 \u010casom som ve\u013ea vec\u00ed pochopila a mno\u017estvo vec\u00ed mi do\u0161lo. Nie je potrebn\u00e9 porovn\u00e1va\u0165 sa s ostatn\u00fdmi alebo sa riadi\u0165 t\u00fdm, \u010do n\u00e1m predkladaj\u00fa soci\u00e1lne siete ako ide\u00e1l kr\u00e1sy.\u00a0 Ka\u017ed\u00e1 \u017eena m\u00e1 pr\u00e1vo by\u0165 sama sebou a c\u00edti\u0165 sa kr\u00e1sna tak\u00e1, ak\u00e1 je.\u00a0 Naozajstn\u00e1 kr\u00e1sa vych\u00e1dza zvn\u00fatra a odr\u00e1\u017ea sa v na\u0161ich \u010dinoch a postoji k \u017eivotu. Tak\u017ee \u010di u\u017e ste mlad\u00e1 alebo star\u0161ia, vysok\u00e1 alebo mal\u00e1, ka\u017ed\u00e1 \u017eena je kr\u00e1sna svojim vlastn\u00fdm sp\u00f4sobom.\u00a0 Sta\u010d\u00ed sa len pozrie\u0165 do zrkadla a uvedomi\u0165 si, \u017ee kr\u00e1sa je v n\u00e1s v\u0161etk\u00fdch, a to bez v\u00fdnimky.\u00a0 Mo\u017eno, \u017ee v\u00e1m ned\u00f4jde hne\u010f, \u017ee ste kr\u00e1sna a \u017ee na seba nepotrebujete pada\u0165 tony make-upu.\u00a0 Ale a\u017e to pochop\u00edte a za\u010dnete sam\u00fdch seba ma\u0165 rada a zist\u00edte, \u017ee ste origin\u00e1l a \u017ee nikto in\u00fd ako vy nie je, svet sa pre v\u00e1s stane hne\u010f kraj\u0161\u00edm a vy budete postupne prekvita\u0165 a budete \u0161\u0165astn\u00ed.                                                                                                                                                                                                                                                                                                                                                                                                "},{"@context":"https:\/\/schema.org\/","@type":"BreadcrumbList","itemListElement":[{"@type":"ListItem","position":1,"name":"Ka\u017ed\u00e1 \u017eena by sa mala ma\u0165 rada","item":"https:\/\/www.bomes.sk\/kazda-zena-by-sa-mala-mat-rada\/#breadcrumbitem"}]}]