[{"@context":"https:\/\/schema.org\/","@type":"Article","@id":"https:\/\/www.bomes.sk\/travite-v-posteli-vela-casu-tak-si-ju-podla-toho-zariadte\/#Article","mainEntityOfPage":"https:\/\/www.bomes.sk\/travite-v-posteli-vela-casu-tak-si-ju-podla-toho-zariadte\/","headline":"Tr\u00e1vite v posteli ve\u013ea \u010dasu? Tak si ju pod\u013ea toho zaria\u010fte","name":"Tr\u00e1vite v posteli ve\u013ea \u010dasu? Tak si ju pod\u013ea toho zaria\u010fte","description":"Viem, \u017ee na Slovensku a\u017e tak ve\u013ea \u013eud\u00ed nepracuje z [&hellip;]","datePublished":"2019-09-12","dateModified":"2023-04-27","author":{"@type":"Person","@id":"https:\/\/www.bomes.sk\/author\/devene\/#Person","name":"devene","url":"https:\/\/www.bomes.sk\/author\/devene\/","identifier":1,"image":{"@type":"ImageObject","@id":"https:\/\/secure.gravatar.com\/avatar\/b653a05acc9928bc50547a0b6ed51698115bbf59840455a4bc9d337f928ec9d6?s=96&d=mm&r=g","url":"https:\/\/secure.gravatar.com\/avatar\/b653a05acc9928bc50547a0b6ed51698115bbf59840455a4bc9d337f928ec9d6?s=96&d=mm&r=g","height":96,"width":96}},"publisher":{"@type":"Organization","name":"bomes.sk","logo":{"@type":"ImageObject","@id":"\/logo.png","url":"\/logo.png","width":600,"height":60}},"image":{"@type":"ImageObject","@id":"https:\/\/www.bomes.sk\/wp-content\/uploads\/img_a308275_w16823_t1574357567.jpg","url":"https:\/\/www.bomes.sk\/wp-content\/uploads\/img_a308275_w16823_t1574357567.jpg","height":0,"width":0},"url":"https:\/\/www.bomes.sk\/travite-v-posteli-vela-casu-tak-si-ju-podla-toho-zariadte\/","wordCount":389,"articleBody":"           Viem, \u017ee na Slovensku a\u017e tak ve\u013ea \u013eud\u00ed nepracuje z domu, no nejak\u00fd sa predsa len ur\u010dite n\u00e1jdu. Pod\u013ea m\u0148a ich bude navy\u0161e st\u00e1le viac. Tento trend sa toti\u017e, s\u00edce pomali\u010dky, no dost\u00e1va aj do na\u0161ich kon\u010d\u00edn. Ja pracujem z domu u\u017e nejak\u00fa dobu. Ako inak, sed\u00edm za po\u010d\u00edta\u010dom a cel\u00fd de\u0148 takmer ani nevstanem. Nech sa v\u00e1m to zd\u00e1 zvl\u00e1\u0161tne ako chce, ale ja milujem robotu z postele. Nie\u017eeby som z nej po zobuden\u00ed ani nevstala. Vstanem, najem sa a umyjem, potom si urob\u00edm k\u00e1vu a zasadnem za notebook do postele. Viem, \u017ee to nie je najzdrav\u0161ie, pre niekoho ani pohodln\u00e9, no mne to takto vyhovuje. M\u00f4\u017eem si kedyko\u013evek natiahnu\u0165 chrb\u00e1t a nohy a proste, takto sa mi to p\u00e1\u010di. Jednu vec som si ale predsa len musela vo svojej posteli zariadi\u0165 inak. Hovor\u00edm o matraci, preto\u017ee ten, ktor\u00fd som mala pred t\u00fdm, sa asi po pol roku premenil na ak\u00e9si preh\u013aben\u00e9 kreslo. Mysl\u00edm to tak, \u017ee som sedela st\u00e1le na jednom mieste, no a na \u0148om vznikla obrovsk\u00e1 diera. Pri seden\u00ed to nevadilo, no pri sp\u00e1nku to u\u017e bolo in\u00e9. Rozhodnutie teda bolo jasn\u00e9, mus\u00edm si k\u00fapi\u0165 nov\u00fd matrac. Od zn\u00e1mych som dostala odpor\u00fa\u010danie na predaj\u0148u matracov Bansk\u00e1 Bystrica Segum. Bolo to pre m\u0148a s\u00edce trochu od ruky, no ke\u010f to\u013eko chv\u00e1lili, tak som si urobila men\u0161\u00ed v\u00fdlet, ktor\u00fd nakoniec st\u00e1l za to. Vybrala som si a som spokojn\u00e1. Ale teraz sp\u00e4\u0165 k va\u0161ej poste\u013enej kancel\u00e1ri\u00ed. Pokia\u013e chcete pracova\u0165 zo svojej postele aj vy, zaobstarajte si matrac, ktor\u00fd sa pod vami neprepadne. Ja m\u00e1m pru\u017einov\u00fd, no vraj aj tie ta\u0161ti\u010dkov\u00e9 s\u00fa v tomto smere fajn. Ur\u010dite zabudnite na penov\u00e9, molitanov\u00e9 alebo kokosov\u00e9. Tie sa ve\u013emi r\u00fdchlo zmenia na nepou\u017eite\u013en\u00e9. E\u0161te jedn\u00e1 praktick\u00e1 rada. Ke\u010f sed\u00edte, tak si pod zadok dajte vank\u00fa\u0161 alebo in\u00fa podlo\u017eku. Po prv\u00e9 je to pohodlnej\u0161ie a po druh\u00e9, v\u00e1\u0161 matrac nedostane a\u017e tak zabra\u0165. Tak v\u00e1m prajem pr\u00edjemn\u00fa pr\u00e1cu, vysok\u00e9 z\u00e1robky a pohodln\u00fd sp\u00e1nok po jej skon\u010den\u00ed.                                                                                                                                                                                                                                                                                                                                                                                                  "},{"@context":"https:\/\/schema.org\/","@type":"BreadcrumbList","itemListElement":[{"@type":"ListItem","position":1,"name":"Tr\u00e1vite v posteli ve\u013ea \u010dasu? Tak si ju pod\u013ea toho zaria\u010fte","item":"https:\/\/www.bomes.sk\/travite-v-posteli-vela-casu-tak-si-ju-podla-toho-zariadte\/#breadcrumbitem"}]}]